{"id":1560,"date":"2023-02-15T17:15:01","date_gmt":"2023-02-15T20:15:01","guid":{"rendered":"https:\/\/grad.eba.ufmg.br\/designdemoda\/?p=1560"},"modified":"2024-10-18T15:49:35","modified_gmt":"2024-10-18T18:49:35","slug":"concurso-pierre-cardin","status":"publish","type":"post","link":"https:\/\/grad.eba.ufmg.br\/designdemoda\/index.php\/concurso-pierre-cardin\/","title":{"rendered":"Concurso Pierre Cardin"},"content":{"rendered":"\t\t<div data-elementor-type=\"wp-post\" data-elementor-id=\"1560\" class=\"elementor elementor-1560\">\n\t\t\t\t\t\t<section class=\"elementor-section elementor-top-section elementor-element elementor-element-14c4d502 elementor-section-boxed elementor-section-height-default elementor-section-height-default\" data-id=\"14c4d502\" data-element_type=\"section\" data-e-type=\"section\">\n\t\t\t\t\t\t<div class=\"elementor-container elementor-column-gap-default\">\n\t\t\t\t\t<div class=\"elementor-column elementor-col-100 elementor-top-column elementor-element elementor-element-24d0d0b\" data-id=\"24d0d0b\" data-element_type=\"column\" data-e-type=\"column\">\n\t\t\t<div class=\"elementor-widget-wrap elementor-element-populated\">\n\t\t\t\t\t\t<div class=\"elementor-element elementor-element-1d082756 elementor-widget elementor-widget-text-editor\" data-id=\"1d082756\" data-element_type=\"widget\" data-e-type=\"widget\" data-widget_type=\"text-editor.default\">\n\t\t\t\t<div class=\"elementor-widget-container\">\n\t\t\t\t\t\t\t\t\t<p>O<strong> Young Designers Contest Brazil 2023 \u2013 Pierre Cardin<\/strong> est\u00e1 com inscri\u00e7\u00f5es abertas para um <strong>concurso na Maison Pierre Cardin.<\/strong><\/p>\n<p>Poder\u00e3o participar estudantes que estejam cursando o \u00faltimo ano do curso de Design de Moda\/UFMG.<\/p>\n<p>Ser\u00e3o croquis que possam interpretar de modo pessoal, o estilo \u00fanico de Pierre Cardin.<\/p>\n<p>Uma comiss\u00e3o de professores escolher\u00e1 os tr\u00eas croquis finais.<\/p>\n<p>Mais informa\u00e7\u00f5es como prazos, premia\u00e7\u00e3o e regras para o concurso est\u00e3o no edital em anexo a esta comunica\u00e7\u00e3o.<\/p>\n<p>\u00a0<\/p>\t\t\t\t\t\t\t\t<\/div>\n\t\t\t\t<\/div>\n\t\t\t\t\t<\/div>\n\t\t<\/div>\n\t\t\t\t\t<\/div>\n\t\t<\/section>\n\t\t\t\t<section class=\"elementor-section elementor-top-section elementor-element elementor-element-1c27163 elementor-section-boxed elementor-section-height-default elementor-section-height-default\" data-id=\"1c27163\" data-element_type=\"section\" data-e-type=\"section\">\n\t\t\t\t\t\t<div class=\"elementor-container elementor-column-gap-default\">\n\t\t\t\t\t<div class=\"elementor-column elementor-col-100 elementor-top-column elementor-element elementor-element-4ccfba2\" data-id=\"4ccfba2\" data-element_type=\"column\" data-e-type=\"column\">\n\t\t\t<div class=\"elementor-widget-wrap elementor-element-populated\">\n\t\t\t\t\t\t<div class=\"elementor-element elementor-element-88ce822 elementor-align-center elementor-widget elementor-widget-elementskit-button\" data-id=\"88ce822\" data-element_type=\"widget\" data-e-type=\"widget\" data-widget_type=\"elementskit-button.default\">\n\t\t\t\t<div class=\"elementor-widget-container\">\n\t\t\t\t\t<div class=\"ekit-wid-con\" >\t\t<div class=\"ekit-btn-wraper\">\n\t\t\t\t\t\t\t<a href=\"https:\/\/grad.eba.ufmg.br\/designdemoda\/wp-content\/uploads\/2023\/02\/Edital-Pierre-Carin-para-alunos.pdf\" class=\"elementskit-btn  whitespace--normal\" id=\"\">\n\t\t\t\t\tEdital<i class=\"fas fa-file-pdf\"><\/i>\t\t\t\t<\/a>\n\t\t\t\t\t<\/div>\n        <\/div>\t\t\t\t<\/div>\n\t\t\t\t<\/div>\n\t\t\t\t\t<\/div>\n\t\t<\/div>\n\t\t\t\t\t<\/div>\n\t\t<\/section>\n\t\t\t\t<\/div>\n\t\t","protected":false},"excerpt":{"rendered":"<p>O Young Designers Contest Brazil 2023 \u2013 Pierre Cardin est\u00e1 com inscri\u00e7\u00f5es abertas para um concurso na Maison Pierre Cardin. Poder\u00e3o participar estudantes que estejam cursando o \u00faltimo ano do [&hellip;]<\/p>\n","protected":false},"author":1,"featured_media":1562,"comment_status":"closed","ping_status":"open","sticky":false,"template":"","format":"standard","meta":{"ngg_post_thumbnail":0,"footnotes":"","_rishi_post_view_count":662},"categories":[19,21,1],"tags":[17],"class_list":["post-1560","post","type-post","status-publish","format-standard","has-post-thumbnail","hentry","category-concurso","category-noticias","category-oportunidades","tag-oportunidade","rishi-post"],"rishi__cb_customizer_meta":"","comments_count":"0","_links":{"self":[{"href":"https:\/\/grad.eba.ufmg.br\/designdemoda\/index.php\/wp-json\/wp\/v2\/posts\/1560","targetHints":{"allow":["GET"]}}],"collection":[{"href":"https:\/\/grad.eba.ufmg.br\/designdemoda\/index.php\/wp-json\/wp\/v2\/posts"}],"about":[{"href":"https:\/\/grad.eba.ufmg.br\/designdemoda\/index.php\/wp-json\/wp\/v2\/types\/post"}],"author":[{"embeddable":true,"href":"https:\/\/grad.eba.ufmg.br\/designdemoda\/index.php\/wp-json\/wp\/v2\/users\/1"}],"replies":[{"embeddable":true,"href":"https:\/\/grad.eba.ufmg.br\/designdemoda\/index.php\/wp-json\/wp\/v2\/comments?post=1560"}],"version-history":[{"count":7,"href":"https:\/\/grad.eba.ufmg.br\/designdemoda\/index.php\/wp-json\/wp\/v2\/posts\/1560\/revisions"}],"predecessor-version":[{"id":1666,"href":"https:\/\/grad.eba.ufmg.br\/designdemoda\/index.php\/wp-json\/wp\/v2\/posts\/1560\/revisions\/1666"}],"wp:featuredmedia":[{"embeddable":true,"href":"https:\/\/grad.eba.ufmg.br\/designdemoda\/index.php\/wp-json\/wp\/v2\/media\/1562"}],"wp:attachment":[{"href":"https:\/\/grad.eba.ufmg.br\/designdemoda\/index.php\/wp-json\/wp\/v2\/media?parent=1560"}],"wp:term":[{"taxonomy":"category","embeddable":true,"href":"https:\/\/grad.eba.ufmg.br\/designdemoda\/index.php\/wp-json\/wp\/v2\/categories?post=1560"},{"taxonomy":"post_tag","embeddable":true,"href":"https:\/\/grad.eba.ufmg.br\/designdemoda\/index.php\/wp-json\/wp\/v2\/tags?post=1560"}],"curies":[{"name":"wp","href":"https:\/\/api.w.org\/{rel}","templated":true}]}}