{"id":7501,"date":"2026-02-24T11:52:02","date_gmt":"2026-02-24T14:52:02","guid":{"rendered":"https:\/\/grad.eba.ufmg.br\/caad\/?p=7501"},"modified":"2026-02-26T09:53:49","modified_gmt":"2026-02-26T12:53:49","slug":"bolsa-de-extensao-nucleo-de-audiovisual-do-espaco-do-conhecimento-ufmg","status":"publish","type":"post","link":"https:\/\/grad.eba.ufmg.br\/caad\/index.php\/2026\/02\/24\/bolsa-de-extensao-nucleo-de-audiovisual-do-espaco-do-conhecimento-ufmg\/","title":{"rendered":"BOLSA DE EXTENS\u00c3O &#8211; N\u00facleo de Audiovisual do Espa\u00e7o do Conhecimento UFMG"},"content":{"rendered":"\n<p>Est\u00e3o abertas as inscri\u00e7\u00f5es para bolsista de extens\u00e3o no N\u00facleo de Audiovisual do museu!<\/p>\n\n\n\n<p><strong>Vagas: 01 (uma) vaga <\/strong>para atuar no n\u00facleo de Audiovisual. Haver\u00e1 forma\u00e7\u00e3o de cadastro de reserva para suprir vagas que surjam posteriormente.<\/p>\n\n\n\n<p><strong>Inscri\u00e7\u00f5es<\/strong>: As inscri\u00e7\u00f5es ser\u00e3o realizadas de&nbsp;<strong>23\/02 a 03\/03\/2026<\/strong>, atrav\u00e9s do formul\u00e1rio dispon\u00edvel no endere\u00e7o: <a href=\"https:\/\/docs.google.com\/forms\/d\/e\/1FAIpQLSchspT1CD61l7lXxgo63f6piDQ7kq7HKUY9Wn3h-h_ipqxkDA\/viewform\" target=\"_blank\" rel=\"noreferrer noopener\">https:\/\/docs.google.com\/forms\/d\/e\/1FAIpQLSchspT1CD61l7lXxgo63f6piDQ7kq7HKUY9Wn3h-h_ipqxkDA\/viewform<\/a><\/p>\n\n\n\n<p><strong>Per\u00edodo de vig\u00eancia da bolsa<\/strong>: at\u00e9 28\/02\/2027<\/p>\n\n\n\n<p><strong>Valor da bolsa<\/strong>: R$ 700,00<\/p>\n\n\n\n<p><strong>Carga-hor\u00e1ria<\/strong>: 20 horas semanais<\/p>\n\n\n\n<p><strong>Pr\u00e9-requisitos:<\/strong><\/p>\n\n\n\n<p>\u2013 Estar matriculado <em>preferencialmente<\/em> nos cursos de gradua\u00e7\u00e3o da \u00e1rea de Cinema de Anima\u00e7\u00e3o, Design, Artes Visuais ou Comunica\u00e7\u00e3o Social da UFMG;<\/p>\n\n\n\n<p>\u2013 Ter&nbsp;<em>preferencialmente<\/em> experi\u00eancias pr\u00e9vias em&nbsp;atividades com capta\u00e7\u00e3o e edi\u00e7\u00e3o de \u00e1udio e v\u00eddeo, anima\u00e7\u00e3o e<br>anima\u00e7\u00e3o gr\u00e1fica;<\/p>\n\n\n\n<p>\u2013 Ter disponibilidade de&nbsp;<strong>20 horas semanais<\/strong> para dedica\u00e7\u00e3o \u00e0s atividades de extens\u00e3o&nbsp;(produ\u00e7\u00e3o de conte\u00fado audiovisual para exposi\u00e7\u00f5es, Fachada Digital e Planet\u00e1rio e outras atividades presenciais e remotas);<\/p>\n\n\n\n<p>\u2013 N\u00e3o ter v\u00ednculo empregat\u00edcio ou ac\u00famulo de bolsas no per\u00edodo de desenvolvimento do projeto;<\/p>\n\n\n\n<p>\u2013 Estar dispon\u00edvel para assumir a bolsa em&nbsp;<strong>mar\u00e7o de 2026<\/strong>;<\/p>\n\n\n\n<p>\u2013 Caso seja selecionado para a bolsa, possuir conta banc\u00e1ria ativa, do tipo conta-corrente, da qual seja o \u00fanico titular.<\/p>\n\n\n\n<p><strong>Documentos para inscri\u00e7\u00e3o:<\/strong><\/p>\n\n\n\n<p>O(a) candidato(a) deve informar no formul\u00e1rio: nome, curso, per\u00edodo, n\u00famero de matr\u00edcula, telefone para contato, disponibilidade de turno para dedica\u00e7\u00e3o \u00e0s atividades presenciais (manh\u00e3, tarde, noite, fim de semana) e os seguintes anexos:<\/p>\n\n\n\n<ul class=\"wp-block-list\">\n<li>Link do Curr\u00edculo\u00a0<em>Lattes<\/em>\u00a0atualizado;<\/li>\n\n\n\n<li>Plano de estudo SIGA (gerado em pdf pelo site\u00a0<a href=\"https:\/\/sistemas.ufmg.br\/aluno-grad\/home.seam\" target=\"_blank\" rel=\"noreferrer noopener\">https:\/\/sistemas.ufmg.br\/aluno-grad\/home.seam<\/a>\u00a0> Siga UFMG: Siga UFMG: acesso para alunos de gradua\u00e7\u00e3o > Minhas matr\u00edculas > Minhas atividades em curso e cursadas);<\/li>\n\n\n\n<li>Link do portf\u00f3lio <em>online<\/em>.<\/li>\n<\/ul>\n\n\n\n<p><strong>Sele\u00e7\u00e3o:<\/strong><\/p>\n\n\n\n<p>\u2013 1\u00aa etapa: Ser\u00e3o avaliados: o curr\u00edculo, o plano de estudo e portf\u00f3lio, enviados na inscri\u00e7\u00e3o. Na an\u00e1lise do curr\u00edculo<br>ser\u00e1 valorizada <em>preferencialmente<\/em> as experi\u00eancias pr\u00e9vias em atividades com audiovisual;<\/p>\n\n\n\n<p>\u2013 2\u00aa etapa: Os candidatos aprovados na 1\u00aa etapa ser\u00e3o chamados para Entrevista que acontecer\u00e1 por videoconfer\u00eancia, cujo agendamento ser\u00e1 feito via e-mail.<\/p>\n\n\n\n<p><strong>Resultados:<\/strong><\/p>\n\n\n\n<p>Os resultados finais ser\u00e3o divulgados at\u00e9 o dia&nbsp;<strong>11 de mar\u00e7o de 2026,<\/strong>&nbsp;<a href=\"https:\/\/www.ufmg.br\/espacodoconhecimento\/trabalhe-conosco\/\" target=\"_blank\" rel=\"noreferrer noopener\"><strong>no<\/strong>&nbsp;<strong>site<\/strong><\/a>&nbsp;do Espa\u00e7o do Conhecimento UFMG.<\/p>\n\n\n\n<p><strong><a href=\"https:\/\/www.ufmg.br\/espacodoconhecimento\/wp-content\/uploads\/2026\/02\/Edital-04-2026-Nucleo-de-Audiovisual_2026.pdf\" target=\"_blank\" rel=\"noreferrer noopener\">Acesse as informa\u00e7\u00f5es completas no Edital<\/a>.<\/strong><\/p>\n","protected":false},"excerpt":{"rendered":"<p>Est\u00e3o abertas as inscri\u00e7\u00f5es para bolsista de extens\u00e3o no N\u00facleo de Audiovisual do museu! Vagas: 01 (uma) vaga para atuar no n\u00facleo de Audiovisual. Haver\u00e1 [&#8230;]<\/p>\n","protected":false},"author":1,"featured_media":0,"comment_status":"open","ping_status":"open","sticky":false,"template":"","format":"standard","meta":{"footnotes":""},"categories":[4,3,5,2],"tags":[],"class_list":["post-7501","post","type-post","status-publish","format-standard","hentry","category-destaques","category-colegiado","category-noticias","category-oportunidades"],"_links":{"self":[{"href":"https:\/\/grad.eba.ufmg.br\/caad\/index.php\/wp-json\/wp\/v2\/posts\/7501","targetHints":{"allow":["GET"]}}],"collection":[{"href":"https:\/\/grad.eba.ufmg.br\/caad\/index.php\/wp-json\/wp\/v2\/posts"}],"about":[{"href":"https:\/\/grad.eba.ufmg.br\/caad\/index.php\/wp-json\/wp\/v2\/types\/post"}],"author":[{"embeddable":true,"href":"https:\/\/grad.eba.ufmg.br\/caad\/index.php\/wp-json\/wp\/v2\/users\/1"}],"replies":[{"embeddable":true,"href":"https:\/\/grad.eba.ufmg.br\/caad\/index.php\/wp-json\/wp\/v2\/comments?post=7501"}],"version-history":[{"count":1,"href":"https:\/\/grad.eba.ufmg.br\/caad\/index.php\/wp-json\/wp\/v2\/posts\/7501\/revisions"}],"predecessor-version":[{"id":7502,"href":"https:\/\/grad.eba.ufmg.br\/caad\/index.php\/wp-json\/wp\/v2\/posts\/7501\/revisions\/7502"}],"wp:attachment":[{"href":"https:\/\/grad.eba.ufmg.br\/caad\/index.php\/wp-json\/wp\/v2\/media?parent=7501"}],"wp:term":[{"taxonomy":"category","embeddable":true,"href":"https:\/\/grad.eba.ufmg.br\/caad\/index.php\/wp-json\/wp\/v2\/categories?post=7501"},{"taxonomy":"post_tag","embeddable":true,"href":"https:\/\/grad.eba.ufmg.br\/caad\/index.php\/wp-json\/wp\/v2\/tags?post=7501"}],"curies":[{"name":"wp","href":"https:\/\/api.w.org\/{rel}","templated":true}]}}